{"id":6328,"date":"2015-09-30T14:24:59","date_gmt":"2015-09-30T12:24:59","guid":{"rendered":"https:\/\/www.vapro.ro\/?p=6328"},"modified":"2015-10-13T12:43:01","modified_gmt":"2015-10-13T10:43:01","slug":"conferinta-agricultura-si-dezvoltare-rurala-9-octombrie-2015","status":"publish","type":"post","link":"https:\/\/www.vapro.ro\/en\/conferinta-agricultura-si-dezvoltare-rurala-9-octombrie-2015\/","title":{"rendered":"Conferinta agricultura si dezvoltare rurala \u2013 9 Octombrie 2015"},"content":{"rendered":"<p><strong>VAPRO Romania <\/strong>impreuna cu <strong>EurActiv<\/strong> organizeaza, <em>in data de 9 Octombrie 2015 in Bucuresti,<\/em> conferinta cu tema: <strong><em>\u201cOportunitati de finantare pentru agricultura si dezvoltare rurala &#8211; PNDR 2014-2020\u201d<\/em><\/strong><em>. <\/em><\/p>\n<p>Conferinta continua seria evenimentelor de profil, deschis\u0103 anul acesta de Euractiv, fiind destintata facilitarii dialogului direct si dezbaterilor relevante intre organisme publice si reprezentanti ai sectorului privat, companii mari si IMM-uri.<\/p>\n<p>Potrivit datelor oferite de AFIR, valoarea total\u0103 a proiectelor depuse prin noul PNDR 2014-2020, p\u00e2n\u0103 la data de 28 septembrie 2015, este de aproximativ 265 milioane de euro, termenul limit\u0103 de anul acesta pentru primele subm\u0103suri lansate pentru ob\u021binerea de finan\u021b\u0103ri europene pentru agricultur\u0103 \u0219i dezvoltarea rural\u0103 fiind 30 Octombrie 2015.<\/p>\n<p>Astfel, ne dorim ca prin aceasta conferinta sa aducem la aceeasi masa autoritatile publice cu responsabilitati in gestionarea si implementarea PNDR (Ministerul Agriculturii, Autoritatea de Management a Programului, AFIR, Fondul de Garantare al Creditului Rural), reprezentanti ai bancilor care sustin si acorda finantare potentialilor beneficiari, consultanti, furnizori de servicii, lucrari si echipamente necesare unui proiect (utilaje agricole, tehnologie de ultima generatie, infrastructura etc.) si beneficiari (ocazie cu care se vor prezenta proiecte de succes dar si obstacole si modalitati de depasire a acestora).<\/p>\n<p>Impreuna cu Euractiv si VAPRO, la organizarea conferintei mai participa UniCredit Bank, BCR, Camera de Comert Romano-Olandeza si Schuman Associates.<\/p>\n<p>Cu speranta ca veti accepta invitatia noastra, va rugam sa o contactati pentru inscrieri pe colega noastra, <strong>Florentina Nae<\/strong> la urmatoarele coordonate: <a href=\"mailto:f.nae@vapro.ro\">f.nae@vapro.ro<\/a><u>,<\/u> +40 732 156 117.<\/p>\n<p>Mai multe informatii privind programul si locatia evenimentului va vor fi comunicate dupa confirmarea participarii la eveniment.<\/p>\n","protected":false},"excerpt":{"rendered":"<p>VAPRO Romania impreuna cu EurActiv organizeaza, in data de 9 Octombrie 2015 in Bucuresti, [&hellip;]<\/p>\n","protected":false},"author":6,"featured_media":5972,"comment_status":"open","ping_status":"open","sticky":false,"template":"","format":"standard","meta":{"footnotes":""},"categories":[688],"tags":[661,295,664,662,663,547],"class_list":["post-6328","post","type-post","status-publish","format-standard","has-post-thumbnail","hentry","category-evenimente","tag-oportunitati-de-finantare-pentru-agricultura-si-dezvoltare-rurala-pndr-2014-2020","tag-conferinta","tag-dezvoltare-rurala","tag-euractiv","tag-finantari-europene-pentru-agricultura","tag-pndr"],"yoast_head":"<!-- This site is optimized with the Yoast SEO plugin v27.4 - https:\/\/yoast.com\/product\/yoast-seo-wordpress\/ -->\n<title>Conferinta agricultura si dezvoltare rurala \u2013 9 Octombrie 2015 - VAPRO<\/title>\n<meta name=\"robots\" content=\"index, follow, max-snippet:-1, max-image-preview:large, max-video-preview:-1\" \/>\n<link rel=\"canonical\" href=\"https:\/\/www.vapro.ro\/conferinta-agricultura-si-dezvoltare-rurala-9-octombrie-2015\/\" \/>\n<meta property=\"og:locale\" content=\"en_US\" \/>\n<meta property=\"og:type\" content=\"article\" \/>\n<meta property=\"og:title\" content=\"Conferinta agricultura si dezvoltare rurala \u2013 9 Octombrie 2015 - VAPRO\" \/>\n<meta property=\"og:description\" content=\"VAPRO Romania impreuna cu EurActiv organizeaza, in data de 9 Octombrie 2015 in Bucuresti, [&hellip;]\" \/>\n<meta property=\"og:url\" content=\"https:\/\/www.vapro.ro\/conferinta-agricultura-si-dezvoltare-rurala-9-octombrie-2015\/\" \/>\n<meta property=\"og:site_name\" content=\"VAPRO\" \/>\n<meta property=\"article:publisher\" content=\"https:\/\/www.facebook.com\/vaproromania\" \/>\n<meta property=\"article:published_time\" content=\"2015-09-30T12:24:59+00:00\" \/>\n<meta property=\"article:modified_time\" content=\"2015-10-13T10:43:01+00:00\" \/>\n<meta property=\"og:image\" content=\"https:\/\/www.vapro.ro\/wp-content\/uploads\/grau-camp-300x188.jpg\" \/>\n\t<meta property=\"og:image:width\" content=\"300\" \/>\n\t<meta property=\"og:image:height\" content=\"188\" \/>\n\t<meta property=\"og:image:type\" content=\"image\/jpeg\" \/>\n<meta name=\"author\" content=\"irina\" \/>\n<meta name=\"twitter:card\" content=\"summary_large_image\" \/>\n<meta name=\"twitter:label1\" content=\"Written by\" \/>\n\t<meta name=\"twitter:data1\" content=\"irina\" \/>\n\t<meta name=\"twitter:label2\" content=\"Est. reading time\" \/>\n\t<meta name=\"twitter:data2\" content=\"1 minute\" \/>\n<script type=\"application\/ld+json\" class=\"yoast-schema-graph\">{\"@context\":\"https:\\\/\\\/schema.org\",\"@graph\":[{\"@type\":\"Article\",\"@id\":\"https:\\\/\\\/www.vapro.ro\\\/conferinta-agricultura-si-dezvoltare-rurala-9-octombrie-2015\\\/#article\",\"isPartOf\":{\"@id\":\"https:\\\/\\\/www.vapro.ro\\\/conferinta-agricultura-si-dezvoltare-rurala-9-octombrie-2015\\\/\"},\"author\":{\"name\":\"irina\",\"@id\":\"https:\\\/\\\/www.vapro.ro\\\/#\\\/schema\\\/person\\\/27ec810f0e08ab830b4f577a4febd231\"},\"headline\":\"Conferinta agricultura si dezvoltare rurala \u2013 9 Octombrie 2015\",\"datePublished\":\"2015-09-30T12:24:59+00:00\",\"dateModified\":\"2015-10-13T10:43:01+00:00\",\"mainEntityOfPage\":{\"@id\":\"https:\\\/\\\/www.vapro.ro\\\/conferinta-agricultura-si-dezvoltare-rurala-9-octombrie-2015\\\/\"},\"wordCount\":259,\"commentCount\":0,\"publisher\":{\"@id\":\"https:\\\/\\\/www.vapro.ro\\\/#organization\"},\"image\":{\"@id\":\"https:\\\/\\\/www.vapro.ro\\\/conferinta-agricultura-si-dezvoltare-rurala-9-octombrie-2015\\\/#primaryimage\"},\"thumbnailUrl\":\"https:\\\/\\\/www.vapro.ro\\\/wp-content\\\/uploads\\\/grau-camp.jpg\",\"keywords\":[\"\u201cOportunitati de finantare pentru agricultura si dezvoltare rurala - PNDR 2014-2020\u201d\",\"conferinta\",\"dezvoltare rurala\",\"EurActiv\",\"finan\u021b\u0103ri europene pentru agricultur\u0103\",\"pndr\"],\"articleSection\":[\"Evenimente\"],\"inLanguage\":\"en-US\",\"potentialAction\":[{\"@type\":\"CommentAction\",\"name\":\"Comment\",\"target\":[\"https:\\\/\\\/www.vapro.ro\\\/conferinta-agricultura-si-dezvoltare-rurala-9-octombrie-2015\\\/#respond\"]}]},{\"@type\":\"WebPage\",\"@id\":\"https:\\\/\\\/www.vapro.ro\\\/conferinta-agricultura-si-dezvoltare-rurala-9-octombrie-2015\\\/\",\"url\":\"https:\\\/\\\/www.vapro.ro\\\/conferinta-agricultura-si-dezvoltare-rurala-9-octombrie-2015\\\/\",\"name\":\"Conferinta agricultura si dezvoltare rurala \u2013 9 Octombrie 2015 - VAPRO\",\"isPartOf\":{\"@id\":\"https:\\\/\\\/www.vapro.ro\\\/#website\"},\"primaryImageOfPage\":{\"@id\":\"https:\\\/\\\/www.vapro.ro\\\/conferinta-agricultura-si-dezvoltare-rurala-9-octombrie-2015\\\/#primaryimage\"},\"image\":{\"@id\":\"https:\\\/\\\/www.vapro.ro\\\/conferinta-agricultura-si-dezvoltare-rurala-9-octombrie-2015\\\/#primaryimage\"},\"thumbnailUrl\":\"https:\\\/\\\/www.vapro.ro\\\/wp-content\\\/uploads\\\/grau-camp.jpg\",\"datePublished\":\"2015-09-30T12:24:59+00:00\",\"dateModified\":\"2015-10-13T10:43:01+00:00\",\"breadcrumb\":{\"@id\":\"https:\\\/\\\/www.vapro.ro\\\/conferinta-agricultura-si-dezvoltare-rurala-9-octombrie-2015\\\/#breadcrumb\"},\"inLanguage\":\"en-US\",\"potentialAction\":[{\"@type\":\"ReadAction\",\"target\":[\"https:\\\/\\\/www.vapro.ro\\\/conferinta-agricultura-si-dezvoltare-rurala-9-octombrie-2015\\\/\"]}]},{\"@type\":\"ImageObject\",\"inLanguage\":\"en-US\",\"@id\":\"https:\\\/\\\/www.vapro.ro\\\/conferinta-agricultura-si-dezvoltare-rurala-9-octombrie-2015\\\/#primaryimage\",\"url\":\"https:\\\/\\\/www.vapro.ro\\\/wp-content\\\/uploads\\\/grau-camp.jpg\",\"contentUrl\":\"https:\\\/\\\/www.vapro.ro\\\/wp-content\\\/uploads\\\/grau-camp.jpg\",\"width\":2560,\"height\":1600},{\"@type\":\"BreadcrumbList\",\"@id\":\"https:\\\/\\\/www.vapro.ro\\\/conferinta-agricultura-si-dezvoltare-rurala-9-octombrie-2015\\\/#breadcrumb\",\"itemListElement\":[{\"@type\":\"ListItem\",\"position\":1,\"name\":\"Acas\u0103\",\"item\":\"https:\\\/\\\/www.vapro.ro\\\/\"},{\"@type\":\"ListItem\",\"position\":2,\"name\":\"Conferinta agricultura si dezvoltare rurala \u2013 9 Octombrie 2015\"}]},{\"@type\":\"WebSite\",\"@id\":\"https:\\\/\\\/www.vapro.ro\\\/#website\",\"url\":\"https:\\\/\\\/www.vapro.ro\\\/\",\"name\":\"VAPRO\",\"description\":\"\",\"publisher\":{\"@id\":\"https:\\\/\\\/www.vapro.ro\\\/#organization\"},\"potentialAction\":[{\"@type\":\"SearchAction\",\"target\":{\"@type\":\"EntryPoint\",\"urlTemplate\":\"https:\\\/\\\/www.vapro.ro\\\/?s={search_term_string}\"},\"query-input\":{\"@type\":\"PropertyValueSpecification\",\"valueRequired\":true,\"valueName\":\"search_term_string\"}}],\"inLanguage\":\"en-US\"},{\"@type\":\"Organization\",\"@id\":\"https:\\\/\\\/www.vapro.ro\\\/#organization\",\"name\":\"Vapro - Fonduri Europene\",\"alternateName\":\"Vapro\",\"url\":\"https:\\\/\\\/www.vapro.ro\\\/\",\"logo\":{\"@type\":\"ImageObject\",\"inLanguage\":\"en-US\",\"@id\":\"https:\\\/\\\/www.vapro.ro\\\/#\\\/schema\\\/logo\\\/image\\\/\",\"url\":\"https:\\\/\\\/www.vapro.ro\\\/wp-content\\\/uploads\\\/vapro-1.png\",\"contentUrl\":\"https:\\\/\\\/www.vapro.ro\\\/wp-content\\\/uploads\\\/vapro-1.png\",\"width\":600,\"height\":600,\"caption\":\"Vapro - Fonduri Europene\"},\"image\":{\"@id\":\"https:\\\/\\\/www.vapro.ro\\\/#\\\/schema\\\/logo\\\/image\\\/\"},\"sameAs\":[\"https:\\\/\\\/www.facebook.com\\\/vaproromania\"]},{\"@type\":\"Person\",\"@id\":\"https:\\\/\\\/www.vapro.ro\\\/#\\\/schema\\\/person\\\/27ec810f0e08ab830b4f577a4febd231\",\"name\":\"irina\",\"sameAs\":[\"http:\\\/\\\/www.vapro.ro\"],\"url\":\"https:\\\/\\\/www.vapro.ro\\\/en\\\/author\\\/irina\\\/\"}]}<\/script>\n<!-- \/ Yoast SEO plugin. -->","yoast_head_json":{"title":"Conferinta agricultura si dezvoltare rurala \u2013 9 Octombrie 2015 - VAPRO","robots":{"index":"index","follow":"follow","max-snippet":"max-snippet:-1","max-image-preview":"max-image-preview:large","max-video-preview":"max-video-preview:-1"},"canonical":"https:\/\/www.vapro.ro\/conferinta-agricultura-si-dezvoltare-rurala-9-octombrie-2015\/","og_locale":"en_US","og_type":"article","og_title":"Conferinta agricultura si dezvoltare rurala \u2013 9 Octombrie 2015 - VAPRO","og_description":"VAPRO Romania impreuna cu EurActiv organizeaza, in data de 9 Octombrie 2015 in Bucuresti, [&hellip;]","og_url":"https:\/\/www.vapro.ro\/conferinta-agricultura-si-dezvoltare-rurala-9-octombrie-2015\/","og_site_name":"VAPRO","article_publisher":"https:\/\/www.facebook.com\/vaproromania","article_published_time":"2015-09-30T12:24:59+00:00","article_modified_time":"2015-10-13T10:43:01+00:00","og_image":[{"width":300,"height":188,"url":"https:\/\/www.vapro.ro\/wp-content\/uploads\/grau-camp-300x188.jpg","type":"image\/jpeg"}],"author":"irina","twitter_card":"summary_large_image","twitter_misc":{"Written by":"irina","Est. reading time":"1 minute"},"schema":{"@context":"https:\/\/schema.org","@graph":[{"@type":"Article","@id":"https:\/\/www.vapro.ro\/conferinta-agricultura-si-dezvoltare-rurala-9-octombrie-2015\/#article","isPartOf":{"@id":"https:\/\/www.vapro.ro\/conferinta-agricultura-si-dezvoltare-rurala-9-octombrie-2015\/"},"author":{"name":"irina","@id":"https:\/\/www.vapro.ro\/#\/schema\/person\/27ec810f0e08ab830b4f577a4febd231"},"headline":"Conferinta agricultura si dezvoltare rurala \u2013 9 Octombrie 2015","datePublished":"2015-09-30T12:24:59+00:00","dateModified":"2015-10-13T10:43:01+00:00","mainEntityOfPage":{"@id":"https:\/\/www.vapro.ro\/conferinta-agricultura-si-dezvoltare-rurala-9-octombrie-2015\/"},"wordCount":259,"commentCount":0,"publisher":{"@id":"https:\/\/www.vapro.ro\/#organization"},"image":{"@id":"https:\/\/www.vapro.ro\/conferinta-agricultura-si-dezvoltare-rurala-9-octombrie-2015\/#primaryimage"},"thumbnailUrl":"https:\/\/www.vapro.ro\/wp-content\/uploads\/grau-camp.jpg","keywords":["\u201cOportunitati de finantare pentru agricultura si dezvoltare rurala - PNDR 2014-2020\u201d","conferinta","dezvoltare rurala","EurActiv","finan\u021b\u0103ri europene pentru agricultur\u0103","pndr"],"articleSection":["Evenimente"],"inLanguage":"en-US","potentialAction":[{"@type":"CommentAction","name":"Comment","target":["https:\/\/www.vapro.ro\/conferinta-agricultura-si-dezvoltare-rurala-9-octombrie-2015\/#respond"]}]},{"@type":"WebPage","@id":"https:\/\/www.vapro.ro\/conferinta-agricultura-si-dezvoltare-rurala-9-octombrie-2015\/","url":"https:\/\/www.vapro.ro\/conferinta-agricultura-si-dezvoltare-rurala-9-octombrie-2015\/","name":"Conferinta agricultura si dezvoltare rurala \u2013 9 Octombrie 2015 - VAPRO","isPartOf":{"@id":"https:\/\/www.vapro.ro\/#website"},"primaryImageOfPage":{"@id":"https:\/\/www.vapro.ro\/conferinta-agricultura-si-dezvoltare-rurala-9-octombrie-2015\/#primaryimage"},"image":{"@id":"https:\/\/www.vapro.ro\/conferinta-agricultura-si-dezvoltare-rurala-9-octombrie-2015\/#primaryimage"},"thumbnailUrl":"https:\/\/www.vapro.ro\/wp-content\/uploads\/grau-camp.jpg","datePublished":"2015-09-30T12:24:59+00:00","dateModified":"2015-10-13T10:43:01+00:00","breadcrumb":{"@id":"https:\/\/www.vapro.ro\/conferinta-agricultura-si-dezvoltare-rurala-9-octombrie-2015\/#breadcrumb"},"inLanguage":"en-US","potentialAction":[{"@type":"ReadAction","target":["https:\/\/www.vapro.ro\/conferinta-agricultura-si-dezvoltare-rurala-9-octombrie-2015\/"]}]},{"@type":"ImageObject","inLanguage":"en-US","@id":"https:\/\/www.vapro.ro\/conferinta-agricultura-si-dezvoltare-rurala-9-octombrie-2015\/#primaryimage","url":"https:\/\/www.vapro.ro\/wp-content\/uploads\/grau-camp.jpg","contentUrl":"https:\/\/www.vapro.ro\/wp-content\/uploads\/grau-camp.jpg","width":2560,"height":1600},{"@type":"BreadcrumbList","@id":"https:\/\/www.vapro.ro\/conferinta-agricultura-si-dezvoltare-rurala-9-octombrie-2015\/#breadcrumb","itemListElement":[{"@type":"ListItem","position":1,"name":"Acas\u0103","item":"https:\/\/www.vapro.ro\/"},{"@type":"ListItem","position":2,"name":"Conferinta agricultura si dezvoltare rurala \u2013 9 Octombrie 2015"}]},{"@type":"WebSite","@id":"https:\/\/www.vapro.ro\/#website","url":"https:\/\/www.vapro.ro\/","name":"VAPRO","description":"","publisher":{"@id":"https:\/\/www.vapro.ro\/#organization"},"potentialAction":[{"@type":"SearchAction","target":{"@type":"EntryPoint","urlTemplate":"https:\/\/www.vapro.ro\/?s={search_term_string}"},"query-input":{"@type":"PropertyValueSpecification","valueRequired":true,"valueName":"search_term_string"}}],"inLanguage":"en-US"},{"@type":"Organization","@id":"https:\/\/www.vapro.ro\/#organization","name":"Vapro - Fonduri Europene","alternateName":"Vapro","url":"https:\/\/www.vapro.ro\/","logo":{"@type":"ImageObject","inLanguage":"en-US","@id":"https:\/\/www.vapro.ro\/#\/schema\/logo\/image\/","url":"https:\/\/www.vapro.ro\/wp-content\/uploads\/vapro-1.png","contentUrl":"https:\/\/www.vapro.ro\/wp-content\/uploads\/vapro-1.png","width":600,"height":600,"caption":"Vapro - Fonduri Europene"},"image":{"@id":"https:\/\/www.vapro.ro\/#\/schema\/logo\/image\/"},"sameAs":["https:\/\/www.facebook.com\/vaproromania"]},{"@type":"Person","@id":"https:\/\/www.vapro.ro\/#\/schema\/person\/27ec810f0e08ab830b4f577a4febd231","name":"irina","sameAs":["http:\/\/www.vapro.ro"],"url":"https:\/\/www.vapro.ro\/en\/author\/irina\/"}]}},"_links":{"self":[{"href":"https:\/\/www.vapro.ro\/en\/wp-json\/wp\/v2\/posts\/6328","targetHints":{"allow":["GET"]}}],"collection":[{"href":"https:\/\/www.vapro.ro\/en\/wp-json\/wp\/v2\/posts"}],"about":[{"href":"https:\/\/www.vapro.ro\/en\/wp-json\/wp\/v2\/types\/post"}],"author":[{"embeddable":true,"href":"https:\/\/www.vapro.ro\/en\/wp-json\/wp\/v2\/users\/6"}],"replies":[{"embeddable":true,"href":"https:\/\/www.vapro.ro\/en\/wp-json\/wp\/v2\/comments?post=6328"}],"version-history":[{"count":1,"href":"https:\/\/www.vapro.ro\/en\/wp-json\/wp\/v2\/posts\/6328\/revisions"}],"predecessor-version":[{"id":6340,"href":"https:\/\/www.vapro.ro\/en\/wp-json\/wp\/v2\/posts\/6328\/revisions\/6340"}],"wp:featuredmedia":[{"embeddable":true,"href":"https:\/\/www.vapro.ro\/en\/wp-json\/wp\/v2\/media\/5972"}],"wp:attachment":[{"href":"https:\/\/www.vapro.ro\/en\/wp-json\/wp\/v2\/media?parent=6328"}],"wp:term":[{"taxonomy":"category","embeddable":true,"href":"https:\/\/www.vapro.ro\/en\/wp-json\/wp\/v2\/categories?post=6328"},{"taxonomy":"post_tag","embeddable":true,"href":"https:\/\/www.vapro.ro\/en\/wp-json\/wp\/v2\/tags?post=6328"}],"curies":[{"name":"wp","href":"https:\/\/api.w.org\/{rel}","templated":true}]}}