{"id":1973,"date":"2010-06-29T12:53:39","date_gmt":"2010-06-29T10:53:39","guid":{"rendered":"http:\/\/www.vapro.ro\/?p=1973"},"modified":"2015-03-09T00:18:54","modified_gmt":"2015-03-08T22:18:54","slug":"deblocarea-platilor-in-cadrul-posdru","status":"publish","type":"post","link":"https:\/\/www.vapro.ro\/en\/deblocarea-platilor-in-cadrul-posdru\/","title":{"rendered":"Deblocarea platilor in cadrul POSDRU"},"content":{"rendered":"<p>Stimati clienti si colaboratori, Comisia European\u0103 a decis reluarea pl\u0103\u0163ilor \u00een cadrul POSDRU ca urmare a misiunii de audit desf\u0103\u015furate s\u0103pt\u0103m\u00e2na trecut\u0103. Misiunea de follow-up a Comisiei Europene a analizat modul \u00een care AMPOSDRU a eliminat deficien\u0163ele constatate la auditul anterior. Decizia de suspendare temporar\u0103 a pl\u0103\u0163ilor nu a afectat beneficiarii de proiecte POSDRU care, din luna decembrie p\u00e2n\u0103 \u00een prezent, au primit sumele solicitate \u00een cadrul cererilor de prefinan\u0163are sau rambursare. Pentru mai multe informatii asupra masurilor luate de AMPOSDRU in vederea eficientizarii sistemului intern de management si administrare al programului <a href=\"http:\/\/www.fseromania.ro\/images\/downdocs\/comunicat_iunie_2010.pdf\" target=\"_blank\">click aici<\/a>.<\/p>\n","protected":false},"excerpt":{"rendered":"<p>Stimati clienti si colaboratori, Comisia European\u0103 a decis reluarea pl\u0103\u0163ilor \u00een cadrul POSDRU ca [&hellip;]<\/p>\n","protected":false},"author":6,"featured_media":0,"comment_status":"closed","ping_status":"closed","sticky":false,"template":"","format":"standard","meta":{"footnotes":""},"categories":[7],"tags":[30,31,18,32],"class_list":["post-1973","post","type-post","status-publish","format-standard","hentry","category-stiri","tag-deblocare-fonduri","tag-deblocarea-platilor","tag-posdru","tag-reluarea-platilor"],"yoast_head":"<!-- This site is optimized with the Yoast SEO plugin v27.5 - https:\/\/yoast.com\/product\/yoast-seo-wordpress\/ -->\n<title>Deblocarea platilor in cadrul POSDRU - VAPRO<\/title>\n<meta name=\"robots\" content=\"index, follow, max-snippet:-1, max-image-preview:large, max-video-preview:-1\" \/>\n<link rel=\"canonical\" href=\"https:\/\/www.vapro.ro\/deblocarea-platilor-in-cadrul-posdru\/\" \/>\n<meta property=\"og:locale\" content=\"en_US\" \/>\n<meta property=\"og:type\" content=\"article\" \/>\n<meta property=\"og:title\" content=\"Deblocarea platilor in cadrul POSDRU - VAPRO\" \/>\n<meta property=\"og:description\" content=\"Stimati clienti si colaboratori, Comisia European\u0103 a decis reluarea pl\u0103\u0163ilor \u00een cadrul POSDRU ca [&hellip;]\" \/>\n<meta property=\"og:url\" content=\"https:\/\/www.vapro.ro\/deblocarea-platilor-in-cadrul-posdru\/\" \/>\n<meta property=\"og:site_name\" content=\"VAPRO\" \/>\n<meta property=\"article:publisher\" content=\"https:\/\/www.facebook.com\/vaproromania\" \/>\n<meta property=\"article:published_time\" content=\"2010-06-29T10:53:39+00:00\" \/>\n<meta property=\"article:modified_time\" content=\"2015-03-08T22:18:54+00:00\" \/>\n<meta name=\"author\" content=\"irina\" \/>\n<meta name=\"twitter:card\" content=\"summary_large_image\" \/>\n<meta name=\"twitter:label1\" content=\"Written by\" \/>\n\t<meta name=\"twitter:data1\" content=\"irina\" \/>\n\t<meta name=\"twitter:label2\" content=\"Est. reading time\" \/>\n\t<meta name=\"twitter:data2\" content=\"1 minute\" \/>\n<script type=\"application\/ld+json\" class=\"yoast-schema-graph\">{\"@context\":\"https:\\\/\\\/schema.org\",\"@graph\":[{\"@type\":\"Article\",\"@id\":\"https:\\\/\\\/www.vapro.ro\\\/deblocarea-platilor-in-cadrul-posdru\\\/#article\",\"isPartOf\":{\"@id\":\"https:\\\/\\\/www.vapro.ro\\\/deblocarea-platilor-in-cadrul-posdru\\\/\"},\"author\":{\"name\":\"irina\",\"@id\":\"https:\\\/\\\/www.vapro.ro\\\/#\\\/schema\\\/person\\\/27ec810f0e08ab830b4f577a4febd231\"},\"headline\":\"Deblocarea platilor in cadrul POSDRU\",\"datePublished\":\"2010-06-29T10:53:39+00:00\",\"dateModified\":\"2015-03-08T22:18:54+00:00\",\"mainEntityOfPage\":{\"@id\":\"https:\\\/\\\/www.vapro.ro\\\/deblocarea-platilor-in-cadrul-posdru\\\/\"},\"wordCount\":108,\"publisher\":{\"@id\":\"https:\\\/\\\/www.vapro.ro\\\/#organization\"},\"keywords\":[\"deblocare fonduri\",\"deblocarea platilor\",\"POSDRU\",\"reluarea platilor\"],\"articleSection\":[\"Stiri\"],\"inLanguage\":\"en-US\"},{\"@type\":\"WebPage\",\"@id\":\"https:\\\/\\\/www.vapro.ro\\\/deblocarea-platilor-in-cadrul-posdru\\\/\",\"url\":\"https:\\\/\\\/www.vapro.ro\\\/deblocarea-platilor-in-cadrul-posdru\\\/\",\"name\":\"Deblocarea platilor in cadrul POSDRU - VAPRO\",\"isPartOf\":{\"@id\":\"https:\\\/\\\/www.vapro.ro\\\/#website\"},\"datePublished\":\"2010-06-29T10:53:39+00:00\",\"dateModified\":\"2015-03-08T22:18:54+00:00\",\"breadcrumb\":{\"@id\":\"https:\\\/\\\/www.vapro.ro\\\/deblocarea-platilor-in-cadrul-posdru\\\/#breadcrumb\"},\"inLanguage\":\"en-US\",\"potentialAction\":[{\"@type\":\"ReadAction\",\"target\":[\"https:\\\/\\\/www.vapro.ro\\\/deblocarea-platilor-in-cadrul-posdru\\\/\"]}]},{\"@type\":\"BreadcrumbList\",\"@id\":\"https:\\\/\\\/www.vapro.ro\\\/deblocarea-platilor-in-cadrul-posdru\\\/#breadcrumb\",\"itemListElement\":[{\"@type\":\"ListItem\",\"position\":1,\"name\":\"Acas\u0103\",\"item\":\"https:\\\/\\\/www.vapro.ro\\\/\"},{\"@type\":\"ListItem\",\"position\":2,\"name\":\"Deblocarea platilor in cadrul POSDRU\"}]},{\"@type\":\"WebSite\",\"@id\":\"https:\\\/\\\/www.vapro.ro\\\/#website\",\"url\":\"https:\\\/\\\/www.vapro.ro\\\/\",\"name\":\"VAPRO\",\"description\":\"\",\"publisher\":{\"@id\":\"https:\\\/\\\/www.vapro.ro\\\/#organization\"},\"potentialAction\":[{\"@type\":\"SearchAction\",\"target\":{\"@type\":\"EntryPoint\",\"urlTemplate\":\"https:\\\/\\\/www.vapro.ro\\\/?s={search_term_string}\"},\"query-input\":{\"@type\":\"PropertyValueSpecification\",\"valueRequired\":true,\"valueName\":\"search_term_string\"}}],\"inLanguage\":\"en-US\"},{\"@type\":\"Organization\",\"@id\":\"https:\\\/\\\/www.vapro.ro\\\/#organization\",\"name\":\"Vapro - Fonduri Europene\",\"alternateName\":\"Vapro\",\"url\":\"https:\\\/\\\/www.vapro.ro\\\/\",\"logo\":{\"@type\":\"ImageObject\",\"inLanguage\":\"en-US\",\"@id\":\"https:\\\/\\\/www.vapro.ro\\\/#\\\/schema\\\/logo\\\/image\\\/\",\"url\":\"https:\\\/\\\/www.vapro.ro\\\/wp-content\\\/uploads\\\/vapro-1.png\",\"contentUrl\":\"https:\\\/\\\/www.vapro.ro\\\/wp-content\\\/uploads\\\/vapro-1.png\",\"width\":600,\"height\":600,\"caption\":\"Vapro - Fonduri Europene\"},\"image\":{\"@id\":\"https:\\\/\\\/www.vapro.ro\\\/#\\\/schema\\\/logo\\\/image\\\/\"},\"sameAs\":[\"https:\\\/\\\/www.facebook.com\\\/vaproromania\"]},{\"@type\":\"Person\",\"@id\":\"https:\\\/\\\/www.vapro.ro\\\/#\\\/schema\\\/person\\\/27ec810f0e08ab830b4f577a4febd231\",\"name\":\"irina\",\"sameAs\":[\"http:\\\/\\\/www.vapro.ro\"],\"url\":\"https:\\\/\\\/www.vapro.ro\\\/en\\\/author\\\/irina\\\/\"}]}<\/script>\n<!-- \/ Yoast SEO plugin. -->","yoast_head_json":{"title":"Deblocarea platilor in cadrul POSDRU - VAPRO","robots":{"index":"index","follow":"follow","max-snippet":"max-snippet:-1","max-image-preview":"max-image-preview:large","max-video-preview":"max-video-preview:-1"},"canonical":"https:\/\/www.vapro.ro\/deblocarea-platilor-in-cadrul-posdru\/","og_locale":"en_US","og_type":"article","og_title":"Deblocarea platilor in cadrul POSDRU - VAPRO","og_description":"Stimati clienti si colaboratori, Comisia European\u0103 a decis reluarea pl\u0103\u0163ilor \u00een cadrul POSDRU ca [&hellip;]","og_url":"https:\/\/www.vapro.ro\/deblocarea-platilor-in-cadrul-posdru\/","og_site_name":"VAPRO","article_publisher":"https:\/\/www.facebook.com\/vaproromania","article_published_time":"2010-06-29T10:53:39+00:00","article_modified_time":"2015-03-08T22:18:54+00:00","author":"irina","twitter_card":"summary_large_image","twitter_misc":{"Written by":"irina","Est. reading time":"1 minute"},"schema":{"@context":"https:\/\/schema.org","@graph":[{"@type":"Article","@id":"https:\/\/www.vapro.ro\/deblocarea-platilor-in-cadrul-posdru\/#article","isPartOf":{"@id":"https:\/\/www.vapro.ro\/deblocarea-platilor-in-cadrul-posdru\/"},"author":{"name":"irina","@id":"https:\/\/www.vapro.ro\/#\/schema\/person\/27ec810f0e08ab830b4f577a4febd231"},"headline":"Deblocarea platilor in cadrul POSDRU","datePublished":"2010-06-29T10:53:39+00:00","dateModified":"2015-03-08T22:18:54+00:00","mainEntityOfPage":{"@id":"https:\/\/www.vapro.ro\/deblocarea-platilor-in-cadrul-posdru\/"},"wordCount":108,"publisher":{"@id":"https:\/\/www.vapro.ro\/#organization"},"keywords":["deblocare fonduri","deblocarea platilor","POSDRU","reluarea platilor"],"articleSection":["Stiri"],"inLanguage":"en-US"},{"@type":"WebPage","@id":"https:\/\/www.vapro.ro\/deblocarea-platilor-in-cadrul-posdru\/","url":"https:\/\/www.vapro.ro\/deblocarea-platilor-in-cadrul-posdru\/","name":"Deblocarea platilor in cadrul POSDRU - VAPRO","isPartOf":{"@id":"https:\/\/www.vapro.ro\/#website"},"datePublished":"2010-06-29T10:53:39+00:00","dateModified":"2015-03-08T22:18:54+00:00","breadcrumb":{"@id":"https:\/\/www.vapro.ro\/deblocarea-platilor-in-cadrul-posdru\/#breadcrumb"},"inLanguage":"en-US","potentialAction":[{"@type":"ReadAction","target":["https:\/\/www.vapro.ro\/deblocarea-platilor-in-cadrul-posdru\/"]}]},{"@type":"BreadcrumbList","@id":"https:\/\/www.vapro.ro\/deblocarea-platilor-in-cadrul-posdru\/#breadcrumb","itemListElement":[{"@type":"ListItem","position":1,"name":"Acas\u0103","item":"https:\/\/www.vapro.ro\/"},{"@type":"ListItem","position":2,"name":"Deblocarea platilor in cadrul POSDRU"}]},{"@type":"WebSite","@id":"https:\/\/www.vapro.ro\/#website","url":"https:\/\/www.vapro.ro\/","name":"VAPRO","description":"","publisher":{"@id":"https:\/\/www.vapro.ro\/#organization"},"potentialAction":[{"@type":"SearchAction","target":{"@type":"EntryPoint","urlTemplate":"https:\/\/www.vapro.ro\/?s={search_term_string}"},"query-input":{"@type":"PropertyValueSpecification","valueRequired":true,"valueName":"search_term_string"}}],"inLanguage":"en-US"},{"@type":"Organization","@id":"https:\/\/www.vapro.ro\/#organization","name":"Vapro - Fonduri Europene","alternateName":"Vapro","url":"https:\/\/www.vapro.ro\/","logo":{"@type":"ImageObject","inLanguage":"en-US","@id":"https:\/\/www.vapro.ro\/#\/schema\/logo\/image\/","url":"https:\/\/www.vapro.ro\/wp-content\/uploads\/vapro-1.png","contentUrl":"https:\/\/www.vapro.ro\/wp-content\/uploads\/vapro-1.png","width":600,"height":600,"caption":"Vapro - Fonduri Europene"},"image":{"@id":"https:\/\/www.vapro.ro\/#\/schema\/logo\/image\/"},"sameAs":["https:\/\/www.facebook.com\/vaproromania"]},{"@type":"Person","@id":"https:\/\/www.vapro.ro\/#\/schema\/person\/27ec810f0e08ab830b4f577a4febd231","name":"irina","sameAs":["http:\/\/www.vapro.ro"],"url":"https:\/\/www.vapro.ro\/en\/author\/irina\/"}]}},"_links":{"self":[{"href":"https:\/\/www.vapro.ro\/en\/wp-json\/wp\/v2\/posts\/1973","targetHints":{"allow":["GET"]}}],"collection":[{"href":"https:\/\/www.vapro.ro\/en\/wp-json\/wp\/v2\/posts"}],"about":[{"href":"https:\/\/www.vapro.ro\/en\/wp-json\/wp\/v2\/types\/post"}],"author":[{"embeddable":true,"href":"https:\/\/www.vapro.ro\/en\/wp-json\/wp\/v2\/users\/6"}],"replies":[{"embeddable":true,"href":"https:\/\/www.vapro.ro\/en\/wp-json\/wp\/v2\/comments?post=1973"}],"version-history":[{"count":34,"href":"https:\/\/www.vapro.ro\/en\/wp-json\/wp\/v2\/posts\/1973\/revisions"}],"predecessor-version":[{"id":5848,"href":"https:\/\/www.vapro.ro\/en\/wp-json\/wp\/v2\/posts\/1973\/revisions\/5848"}],"wp:attachment":[{"href":"https:\/\/www.vapro.ro\/en\/wp-json\/wp\/v2\/media?parent=1973"}],"wp:term":[{"taxonomy":"category","embeddable":true,"href":"https:\/\/www.vapro.ro\/en\/wp-json\/wp\/v2\/categories?post=1973"},{"taxonomy":"post_tag","embeddable":true,"href":"https:\/\/www.vapro.ro\/en\/wp-json\/wp\/v2\/tags?post=1973"}],"curies":[{"name":"wp","href":"https:\/\/api.w.org\/{rel}","templated":true}]}}